{"id":6140,"date":"2026-04-30T03:02:17","date_gmt":"2026-04-30T08:02:17","guid":{"rendered":"https:\/\/falacomigoms.com.br\/?p=6140"},"modified":"2026-04-30T03:02:17","modified_gmt":"2026-04-30T08:02:17","slug":"brasil-perde-a-oportunidade-de-ter-um-grande-ministro-diz-mendonca","status":"publish","type":"post","link":"https:\/\/falacomigoms.com.br\/?p=6140","title":{"rendered":"\u201cBrasil perde a oportunidade de ter um grande ministro\u201d, diz Mendon\u00e7a"},"content":{"rendered":"<p>\u201cBrasil perde a oportunidade de ter um grande ministro\u201d, diz Mendon\u00e7a ,  <!-- no image --> , <\/p>\n<p>\t\t\t\tO ministro Andr\u00e9 Mendon\u00e7a, do Supremo Tribunal Federal (STF), foi o primeiro integrante da Corte a se manifestar publicamente nesta quarta-feira (29) ap\u00f3s o Senado rejeitar a indica\u00e7\u00e3o do advogado-geral da Uni\u00e3o, Jorge Messias, para uma ocupar uma vaga no STF.<\/p>\n<p>Em postagem nas redes sociais, Mendon\u00e7a disse que respeita a decis\u00e3o do Senado, mas pondera que o pa\u00eds perdeu a oportunidade de ter um \u201cgrande\u201d ministro.<\/p>\n<p>Not\u00edcias relacionadas:Senado rejeita indica\u00e7\u00e3o de Messias para o STF.Messias diz que concilia\u00e7\u00e3o \u00e9 melhor solu\u00e7\u00e3o para conflitos por terra.\u201cRespeito a decis\u00e3o do Senado, mas n\u00e3o posso deixar de externar minha opini\u00e3o. O Brasil perde a oportunidade de ter um grande ministro do Supremo. Messias \u00e9 um homem de car\u00e1ter, \u00edntegro e que preenche os requisitos constitucionais para ser ministro do STF\u201d, declarou.<\/p>\n<p>O ministro, que tamb\u00e9m pastor presbiteriano, citou uma refer\u00eancia b\u00edblica para homenagear Messias.<\/p>\n<p>\u201cAmigo verdadeiro n\u00e3o est\u00e1 presente nas festas. Est\u00e1 presente nos momentos dif\u00edceis. Messias, saia dessa batalha de cabe\u00e7a erguida. Voc\u00ea combateu o bom combate! Deus o aben\u00e7oe! Deus aben\u00e7oe nosso Brasil!\u201d, completou.<\/p>\n<p>No in\u00edcio da noite, o plen\u00e1rio do Senado rejeitou a indica\u00e7\u00e3o feita pelo presidente Luiz In\u00e1cio Lula da Silva para que Messias assuma a vaga deixada pela aposentadoria do ministro Lu\u00eds Roberto Barroso. , <\/p>\n<div>\n<p style=\"text-align:center;\"><a class=\"\" href=\"https:\/\/agenciabrasil.ebc.com.br\/politica\/noticia\/2026-04\/brasil-perde-oportunidade-de-ter-um-grande-ministro-diz-mendonca\"><br \/>\n                    <img decoding=\"async\" src=\"https:\/\/cdn.jsdelivr.net\/gh\/sergiosdlima\/assets-ebc@1.0.0\/abr\/assets\/images\/logo-agenciabrasil.svg\" alt=\"Logo Ag\u00eancia Brasil\" style=\"height: 54px;\"><br \/>\n\t\t\t\t<\/a><\/p>\n<p><strong>O ministro Andr\u00e9 Mendon\u00e7a, do Supremo Tribunal Federal (STF), foi o primeiro integrante da Corte a se manifestar publicamente nesta quarta-feira (29) <a href=\"https:\/\/agenciabrasil.ebc.com.br\/politica\/noticia\/2026-04\/senado-rejeita-indicacao-de-messias-para-stf\">ap\u00f3s o Senado rejeitar<\/a> a indica\u00e7\u00e3o do advogado-geral da Uni\u00e3o, Jorge Messias, para uma ocupar uma vaga no STF.<\/strong><img decoding=\"async\" src=\"https:\/\/agenciabrasil.ebc.com.br\/ebc.png?id=1687755&amp;o=rss\" style=\"width:1px; height:1px; display:inline;\"><img decoding=\"async\" src=\"https:\/\/agenciabrasil.ebc.com.br\/ebc.gif?id=1687755&amp;o=rss\" style=\"width:1px; height:1px; display:inline;\"><\/p>\n<p>Em postagem nas redes sociais, Mendon\u00e7a disse que respeita a decis\u00e3o do Senado, mas pondera que o pa\u00eds perdeu a oportunidade de ter um \u201cgrande\u201d ministro.<\/p>\n<blockquote>\n<h3 id=\"noticias-relacionadas\">Not\u00edcias relacionadas:<\/h3>\n<ul>\n<li><a href=\"https:\/\/agenciabrasil.ebc.com.br\/politica\/noticia\/2026-04\/senado-rejeita-indicacao-de-messias-para-stf\">Senado rejeita indica\u00e7\u00e3o de Messias para o STF.<\/a><\/li>\n<li><a href=\"https:\/\/agenciabrasil.ebc.com.br\/politica\/noticia\/2026-04\/messias-diz-que-conciliacao-e-melhor-solucao-para-conflitos-por-terra\">Messias diz que concilia\u00e7\u00e3o \u00e9 melhor solu\u00e7\u00e3o para conflitos por terra.<\/a><\/li>\n<\/ul>\n<p>\u201cRespeito a decis\u00e3o do Senado, mas n\u00e3o posso deixar de externar minha opini\u00e3o. O Brasil perde a oportunidade de ter um grande ministro do Supremo. Messias \u00e9 um homem de car\u00e1ter, \u00edntegro e que preenche os requisitos constitucionais para ser ministro do STF\u201d, declarou.\n<\/p><\/blockquote>\n<p>O ministro, que tamb\u00e9m pastor presbiteriano, citou uma refer\u00eancia b\u00edblica para homenagear Messias.<\/p>\n<p>\u201cAmigo verdadeiro n\u00e3o est\u00e1 presente nas festas. Est\u00e1 presente nos momentos dif\u00edceis. Messias, saia dessa batalha de cabe\u00e7a erguida. Voc\u00ea combateu o bom combate! Deus o aben\u00e7oe! Deus aben\u00e7oe nosso Brasil!\u201d, completou.<\/p>\n<p>No in\u00edcio da noite, o plen\u00e1rio do Senado rejeitou a indica\u00e7\u00e3o feita pelo presidente Luiz In\u00e1cio Lula da Silva para que Messias assuma a vaga deixada pela aposentadoria do ministro Lu\u00eds Roberto Barroso.<\/p>\n<\/div>\n<p> ,<\/p>\n","protected":false},"excerpt":{"rendered":"\u201cBrasil perde a oportunidade de ter um grande ministro\u201d, diz Mendon\u00e7a , , O ministro Andr\u00e9 Mendon\u00e7a, do&hellip;\n","protected":false},"author":2,"featured_media":0,"comment_status":"closed","ping_status":"closed","sticky":false,"template":"","format":"standard","meta":{"csco_singular_sidebar":"","csco_page_header_type":"","csco_appearance_grid":"","csco_page_load_nextpost":"","csco_post_video_location":[],"csco_post_video_location_hash":"","csco_post_video_url":"","csco_post_video_bg_start_time":0,"csco_post_video_bg_end_time":0},"categories":[32],"tags":[],"amp_enabled":true,"_links":{"self":[{"href":"https:\/\/falacomigoms.com.br\/index.php?rest_route=\/wp\/v2\/posts\/6140"}],"collection":[{"href":"https:\/\/falacomigoms.com.br\/index.php?rest_route=\/wp\/v2\/posts"}],"about":[{"href":"https:\/\/falacomigoms.com.br\/index.php?rest_route=\/wp\/v2\/types\/post"}],"author":[{"embeddable":true,"href":"https:\/\/falacomigoms.com.br\/index.php?rest_route=\/wp\/v2\/users\/2"}],"replies":[{"embeddable":true,"href":"https:\/\/falacomigoms.com.br\/index.php?rest_route=%2Fwp%2Fv2%2Fcomments&post=6140"}],"version-history":[{"count":0,"href":"https:\/\/falacomigoms.com.br\/index.php?rest_route=\/wp\/v2\/posts\/6140\/revisions"}],"wp:attachment":[{"href":"https:\/\/falacomigoms.com.br\/index.php?rest_route=%2Fwp%2Fv2%2Fmedia&parent=6140"}],"wp:term":[{"taxonomy":"category","embeddable":true,"href":"https:\/\/falacomigoms.com.br\/index.php?rest_route=%2Fwp%2Fv2%2Fcategories&post=6140"},{"taxonomy":"post_tag","embeddable":true,"href":"https:\/\/falacomigoms.com.br\/index.php?rest_route=%2Fwp%2Fv2%2Ftags&post=6140"}],"curies":[{"name":"wp","href":"https:\/\/api.w.org\/{rel}","templated":true}]}}