{"id":6136,"date":"2026-04-29T03:01:13","date_gmt":"2026-04-29T08:01:13","guid":{"rendered":"https:\/\/falacomigoms.com.br\/?p=6136"},"modified":"2026-04-29T03:01:13","modified_gmt":"2026-04-29T08:01:13","slug":"governo-suspende-34-milhoes-de-multas-por-nao-pagar-pedagio","status":"publish","type":"post","link":"https:\/\/falacomigoms.com.br\/?p=6136","title":{"rendered":"Governo suspende 3,4 milh\u00f5es de multas por n\u00e3o pagar ped\u00e1gio"},"content":{"rendered":"<p>Governo suspende 3,4 milh\u00f5es de multas por n\u00e3o pagar ped\u00e1gio ,  <!-- no image --> , <\/p>\n<p>\t\t\t\tO governo federal anunciou a\u00a0suspens\u00e3o por 200 dias de 3,4\u00a0milh\u00f5es de multas registradas por falta de\u00a0pagamento da tarifa do ped\u00e1gio eletr\u00f4nico do modelo\u00a0free flow\u00a0(ped\u00e1gio eletr\u00f4nico sem cancelas), que deveriam ter sido quitadas em at\u00e9 30 dias ap\u00f3s a passagem pela rodovia estadual ou federal.<\/p>\n<p>No prazo de 200 dias, os motoristas dever\u00e3o regularizar os d\u00e9bitos atrasados. \u00a0Quem pagar as tarifas at\u00e9 16 de novembro, tamb\u00e9m poder\u00e1 recuperar os cinco pontos perdidos na Carteira Nacional de Habilita\u00e7\u00e3o (CNH).\u00a0<\/p>\n<p>Not\u00edcias relacionadas:Audi\u00eancia p\u00fablica debate PL de repara\u00e7\u00e3o hist\u00f3rica em S\u00e3o Paulo.Motta cria comiss\u00e3o para analisar PEC da redu\u00e7\u00e3o da escala 6&#215;1.Governo anuncia bloqueio de 27 plataformas de mercado preditivo.Em entrevista coletiva, na sede do Minist\u00e9rio dos Transportes, em Bras\u00edlia, o ministro Guilherme Boulos defendeu que a suspens\u00e3o tempor\u00e1ria das multas \u00e9 uma quest\u00e3o de justi\u00e7a porque muitos dos motoristas multados\u00a0nesse per\u00edodo\u00a0n\u00e3o tinham a devida informa\u00e7\u00e3o sobre como pagar o ped\u00e1gio do tipo free flow\u00a0ou mesmo sabiam que estavam sendo tarifados.<\/p>\n<p>Guilherme Boulos\u00a0durante cerim\u00f4nia para divulga\u00e7\u00e3o das regras de transi\u00e7\u00e3o para a implementa\u00e7\u00e3o do ped\u00e1gio eletr\u00f4nico &#8211; Marcelo Camargo\/Ag\u00eancia Brasil<\/p>\n<p>Boulos\u00a0refor\u00e7ou que uma inova\u00e7\u00e3o tecnol\u00f3gica deve beneficiar o cidad\u00e3o, n\u00e3o causar preju\u00edzo a ele.\u00a0<\/p>\n<p>\u201cNingu\u00e9m em s\u00e3 consci\u00eancia troca uma tarifa de R$ 5 por uma multa de quase R$ 200. N\u00f3s estamos falando aqui de 40 vezes mais. As pessoas acabaram sendo multadas porque, \u00e0s vezes, n\u00e3o sabiam que teriam que ter a\u00a0tag\u00a0[no ve\u00edculo] ou n\u00e3o sabiam que aquilo era um ped\u00e1gio. E isso acaba levando a uma ideia de pegadinha.\u201d<\/p>\n<p>Durante os 200 dias, tamb\u00e9m est\u00e1 vetada a aplica\u00e7\u00e3o de novos autos de infra\u00e7\u00e3o pelo n\u00e3o pagamento de tarifas de ped\u00e1gio eletr\u00f4nico.<\/p>\n<p>A partir de 17 de novembro, os usu\u00e1rios com tarifas em aberto ter\u00e3o que arcar com os valores do ped\u00e1gio e da multa por atraso no pagamento.<\/p>\n<p>Ajustes<\/p>\n<p>As autoridades tamb\u00e9m comunicaram o prazo de 100 dias dado \u00e0s empresas que administram os ped\u00e1gios eletr\u00f4nicos\u00a0nas rodovias para que ajustem seus sistemas; concluam a padroniza\u00e7\u00e3o e a integra\u00e7\u00e3o de dados com o Sistema Nacional de Tr\u00e2nsito (SNT); e sinalizem corretamente os p\u00f3rticos de cobran\u00e7a eletr\u00f4nica nas rodovias, em \u00e1reas n\u00e3o urbanas.<\/p>\n<p>As concession\u00e1rias respons\u00e1veis pelas vias precisam garantir que o motorista saiba exatamente quando passou por um p\u00f3rtico de cobran\u00e7a e qual o valor da tarifa, por meio de informa\u00e7\u00f5es disponibilizadas para consultas diretamente nos canais (sites e aplicativos) dessas empresas.<\/p>\n<p>O secret\u00e1rio Nacional de Tr\u00e2nsito do Minist\u00e9rio dos Transportes, Adrualdo de Lima Cat\u00e3o, explicou que o governo reconhece que o cidad\u00e3o n\u00e3o pode ser punido por falta de pagamento do ped\u00e1gio\u00a0se o sistema das concession\u00e1rias n\u00e3o for claro, transparente ou integrado.<\/p>\n<p>\u201cO governo est\u00e1 dando a solu\u00e7\u00e3o tecnol\u00f3gica para essa necessidade de transpar\u00eancia com esse prazo de 100 dias. Ap\u00f3s isso, todos os problemas elencados tendem a ser resolvidos, atendendo ao direito do cidad\u00e3o.\u201d<\/p>\n<p>Cobran\u00e7a\u00a0na CNH Digital<\/p>\n<p>Outro an\u00fancio feito nesta ter\u00e7a-feira \u00e9 de que as informa\u00e7\u00f5es sobre passagens e d\u00e9bitos de ped\u00e1gio eletr\u00f4nico ser\u00e3o centralizadas no aplicativo\u00a0CNH do Brasil,\u00a0criado pelo Minist\u00e9rio dos Transportes, e que representa a evolu\u00e7\u00e3o da Carteira Digital de Tr\u00e2nsito (CDT).<\/p>\n<p>O objetivo principal \u00e9 possibilitar o acesso\u00a0\u00e0s informa\u00e7\u00f5es necess\u00e1rias para o pagamento das tarifas em um \u00fanico ambiente digital,\u00a0a partir da integra\u00e7\u00e3o dos sistemas das concession\u00e1rias.<\/p>\n<p>No aplicativo digital, o usu\u00e1rio poder\u00e1 consultar todos os registros de ped\u00e1gio eletr\u00f4nico do seu ve\u00edculo, os valores pendentes, as formas e locais de pagamento do free flow, independentemente da rodovia, da concession\u00e1ria ou da rodovia em que transitar (federal, estadual ou municipal).<\/p>\n<p>O\u00a0CNH do Brasil\u00a0est\u00e1 dispon\u00edvel em lojas de aplicativos para ser baixado em dispositivos m\u00f3veis. O Minist\u00e9rio dos Transportes afirma que o aplicativo\u00a0conta com mais de 70 milh\u00f5es de usu\u00e1rios ativos.<\/p>\n<p>O ministro dos Transportes, George Santoro, que tamb\u00e9m preside o Conselho Nacional de Tr\u00e2nsito (Contran), afirmou que a padroniza\u00e7\u00e3o da informa\u00e7\u00e3o representa uma virada regulat\u00f3ria, colocando o usu\u00e1rio no centro do sistema.<\/p>\n<p>\u201cQualquer motorista ter\u00e1 as informa\u00e7\u00f5es centralizadas na Senatran [Secretaria Nacional de Tr\u00e2nsito] e poder\u00e1 acessar, pela CNH do Brasil, os registros de passagem e as formas de pagamento, independentemente da concess\u00e3o ou do estado por onde trafegou\u201d, afirmou.<\/p>\n<p>\u00a0George Santoro\u00a0diz que a padroniza\u00e7\u00e3o da informa\u00e7\u00e3o representa uma virada regulat\u00f3ria, colocando o usu\u00e1rio no centro do sistema &#8211; Marcelo Camargo\/Ag\u00eancia Brasil<\/p>\n<p>Ressarcimento<\/p>\n<p>Caso o motorista j\u00e1 tenha realizado o pagamento de multa de tr\u00e2nsito e, ao mesmo tempo,\u00a0o pagamento da tarifa de ped\u00e1gio correspondente\u00a0dentro do prazo previsto de 200 dias, o usu\u00e1rio poder\u00e1 entrar com o pedido de ressarcimento do valor da multa.<\/p>\n<p>O usu\u00e1rio dever\u00e1 recorrer junto ao \u00f3rg\u00e3o de fiscaliza\u00e7\u00e3o de cada unidade da federa\u00e7\u00e3o respons\u00e1vel pela autua\u00e7\u00e3o e, no processo, dever\u00e1 comprovar o pagamento da tarifa de ped\u00e1gio.<\/p>\n<p>Multa<\/p>\n<p>Se o motorista passar por um p\u00f3rtico sem TAG e n\u00e3o efetuar o pagamento em at\u00e9 30 dias, a conduta \u00e9 configurada como infra\u00e7\u00e3o de tr\u00e2nsito pelo Artigo 209-A do C\u00f3digo de Tr\u00e2nsito Brasileiro (CTB) como &#8220;evas\u00e3o de ped\u00e1gio&#8221;.<\/p>\n<p>A penalidade \u00e9 classificada como grave e gera multa de R$ 195,23 e cinco pontos na Carteira Nacional de Habilita\u00e7\u00e3o.<\/p>\n<p>Ao todo, o sistema do Minist\u00e9rio dos Transportes contabiliza mais de 3,4\u00a0milh\u00f5es de infra\u00e7\u00f5es de tr\u00e2nsito por n\u00e3o pagamento dentro do prazo. No sistema\u00a0free flow, cada passagem por um p\u00f3rtico sem o devido pagamento gera uma infra\u00e7\u00e3o individual.<\/p>\n<p>Do total de infra\u00e7\u00f5es, somente os estados registraram os seguintes n\u00fameros:<\/p>\n<p>\tRio Grande do Sul: 1.196.465 multas (34,05%)<br \/>\n\tS\u00e3o Paulo: 802.842 multas (34,05%)<br \/>\n\tMinas Gerais: 62.541 multas (1,78%)<br \/>\n\tMato Grosso: 269 multas (0,01%)<\/p>\n<p>Mais de 90% de todas estas infra\u00e7\u00f5es de tr\u00e2nsito n\u00e3o foram pagas e os condutores est\u00e3o inadimplentes.<\/p>\n<p>Trechos com ped\u00e1gio eletr\u00f4nico<\/p>\n<p>No Brasil, o sistema opera em trechos nos seguintes trechos de rodovias concedidas:<\/p>\n<p>\tBR-381\/MG &#8211; concession\u00e1ria Nova 381 S.A.;<br \/>\n\tBR-262\/MG &#8211; Way-262 \u2013 concession\u00e1ria da Rodovia BR-262\/MG S.A.;<br \/>\n\tBR-116\/SP-RJ &#8211; concession\u00e1ria do Sistema Rodovi\u00e1rio Rio-S\u00e3o Paulo (RioSP);<br \/>\n\tBR-364\/RO &#8211; concession\u00e1ria Nova 364;<br \/>\n\tBR-277\/PR &#8211; concession\u00e1ria EPR Igua\u00e7u;\u00a0<br \/>\n\tBR-369\/PR &#8211; concession\u00e1ria EPR Paran\u00e1;<br \/>\n\tSP-099 (Contorno Sul da Tamoios) &#8211; concession\u00e1ria Tamoios;<br \/>\n\tSP-333 &#8211; concession\u00e1ria Ecovias Noroeste Paulista;<br \/>\n\tSP-326 &#8211; concession\u00e1ria Ecovias Noroeste Paulista;<br \/>\n\tMG-459 &#8211; concession\u00e1ria EPR Sul de Minas.<\/p>\n<p>Tecnologia\u00a0free flow<\/p>\n<p>Free flow da BR-381\u00a0 &#8211; Nova381\/Divulga\u00e7\u00e3o<\/p>\n<p>A tecnologia\u00a0free flow\u00a0permite a cobran\u00e7a de ped\u00e1gio eletr\u00f4nico em rodovias. O sistema utiliza p\u00f3rticos met\u00e1licos instalados sobre a pista, equipados com sensores, c\u00e2meras de alta defini\u00e7\u00e3o e antenas. A identifica\u00e7\u00e3o ocorre de duas formas principais:<\/p>\n<p>\u200b\u2022etiqueta eletr\u00f4nica (TAG): a antena no p\u00f3rtico l\u00ea o adesivo colado no p\u00e1ra-brisa do ve\u00edculo. O valor \u00e9 debitado automaticamente da conta do usu\u00e1rio junto \u00e0 operadora;<\/p>\n<p>\u200b\u2022 leitura de placas do ve\u00edculo por meio de c\u00e2meras. Se o motorista n\u00e3o possui uma TAG, ele deve pagar o ped\u00e1gio em canais digitais da concession\u00e1ria (site, app ou WhatsApp) no prazo de at\u00e9 30 dias.<\/p>\n<p>O ped\u00e1gio eletr\u00f4nico evita que o motorista pare em pra\u00e7as de ped\u00e1gio f\u00edsicas ou mesmo interrompa o tr\u00e1fego e\u00a0pode representar justi\u00e7a tarif\u00e1ria, pois permite a implementa\u00e7\u00e3o do pagamento por quil\u00f4metro rodado.<\/p>\n<p>Em sistemas tradicionais de cobran\u00e7a f\u00edsica, o motorista paga o valor cheio mesmo que saia da rodovia logo ap\u00f3s a pra\u00e7a.<\/p>\n<p>Mat\u00e9ria alterada \u00e0s 17h para corrigir informa\u00e7\u00e3o enviada pelo Minist\u00e9rio dos Transportes. , <\/p>\n<div>\n<p style=\"text-align:center;\"><a class=\"\" href=\"https:\/\/agenciabrasil.ebc.com.br\/politica\/noticia\/2026-04\/governo-suspende-34-milhoes-de-multas-por-nao-pagar-pedagio\"><br \/>\n                    <img decoding=\"async\" src=\"https:\/\/cdn.jsdelivr.net\/gh\/sergiosdlima\/assets-ebc@1.0.0\/abr\/assets\/images\/logo-agenciabrasil.svg\" alt=\"Logo Ag\u00eancia Brasil\" style=\"height: 54px;\"><br \/>\n\t\t\t\t<\/a><\/p>\n<p>O governo federal anunciou a<strong>\u00a0suspens\u00e3o por 200 dias de 3,4\u00a0milh\u00f5es de multas registradas por falta de\u00a0pagamento da tarifa do ped\u00e1gio eletr\u00f4nico do modelo\u00a0<em>free flow\u00a0<\/em><\/strong>(ped\u00e1gio eletr\u00f4nico sem cancelas), que deveriam ter sido quitadas em at\u00e9 30 dias ap\u00f3s a passagem pela rodovia estadual ou federal.<img decoding=\"async\" src=\"https:\/\/agenciabrasil.ebc.com.br\/ebc.png?id=1687530&amp;o=rss\" style=\"width:1px; height:1px; display:inline;\"><img decoding=\"async\" src=\"https:\/\/agenciabrasil.ebc.com.br\/ebc.gif?id=1687530&amp;o=rss\" style=\"width:1px; height:1px; display:inline;\"><\/p>\n<p><strong>No prazo de 200 dias, os motoristas dever\u00e3o regularizar os d\u00e9bitos atrasados. <\/strong>\u00a0Quem pagar as tarifas at\u00e9 16 de novembro, tamb\u00e9m poder\u00e1 recuperar os cinco pontos perdidos na Carteira Nacional de Habilita\u00e7\u00e3o (CNH).\u00a0<\/p>\n<\/p>\n<h3 id=\"noticias-relacionadas\">Not\u00edcias relacionadas:<\/h3>\n<ul>\n<li><a href=\"https:\/\/agenciabrasil.ebc.com.br\/politica\/noticia\/2026-04\/audiencia-publica-debate-pl-de-reparacao-historica-em-sao-paulo\">Audi\u00eancia p\u00fablica debate PL de repara\u00e7\u00e3o hist\u00f3rica em S\u00e3o Paulo.<\/a><\/li>\n<li><a href=\"https:\/\/agenciabrasil.ebc.com.br\/politica\/noticia\/2026-04\/motta-cria-comissao-para-analisar-pec-da-reducao-da-escala-6x1\">Motta cria comiss\u00e3o para analisar PEC da redu\u00e7\u00e3o da escala 6&#215;1.<\/a><\/li>\n<li><a href=\"https:\/\/agenciabrasil.ebc.com.br\/politica\/noticia\/2026-04\/governo-anuncia-bloqueio-de-plataformas-de-mercado-preditivo\">Governo anuncia bloqueio de 27 plataformas de mercado preditivo.<\/a><\/li>\n<\/ul>\n<p>Em entrevista coletiva, na sede do Minist\u00e9rio dos Transportes, em Bras\u00edlia, o ministro Guilherme Boulos defendeu que a suspens\u00e3o tempor\u00e1ria das multas \u00e9 uma quest\u00e3o de justi\u00e7a porque muitos dos motoristas multados\u00a0nesse per\u00edodo\u00a0n\u00e3o tinham a devida informa\u00e7\u00e3o sobre como pagar o ped\u00e1gio do tipo <em>free flow<\/em>\u00a0ou mesmo sabiam que estavam sendo tarifados.<\/p>\n<div class=\"dnd-widget-wrapper context-cheio_8colunas type-image\">\n<div class=\"dnd-atom-rendered\"><!-- scald=460852:cheio_8colunas --><br \/>\n            <img decoding=\"async\" src=\"https:\/\/agenciabrasil.ebc.com.br\/sites\/default\/files\/thumbnails\/image\/loading_v2.gif\" data-echo=\"https:\/\/imagens.ebc.com.br\/ralI45bhRHRLs9gMIcEoJOPqGQE=\/754x0\/smart\/https:\/\/agenciabrasil.ebc.com.br\/sites\/default\/files\/thumbnails\/image\/2026\/04\/28\/regras-pedagio-mc_abr_28042026-5.jpg?itok=YFgg2Uxm\" alt=\"Bras\u00edlia (DF), 28\/04\/2026 - O ministro da secretaria-geral da presid\u00eancia, Guilherme Boulos, durante cerim\u00f4nia para divulga\u00e7\u00e3o das regras de transi\u00e7\u00e3o para a implementa\u00e7\u00e3o do ped\u00e1gio eletr\u00f4nico (free flow) em todo o pa\u00eds. Foto: Marcelo Camargo\/Ag\u00eancia Brasil\" title=\"Marcelo Camargo\/Ag\u00eancia Brasil\"><br \/>\n        <noscript><img decoding=\"async\" src=\"https:\/\/imagens.ebc.com.br\/ralI45bhRHRLs9gMIcEoJOPqGQE=\/754x0\/smart\/https:\/\/agenciabrasil.ebc.com.br\/sites\/default\/files\/thumbnails\/image\/2026\/04\/28\/regras-pedagio-mc_abr_28042026-5.jpg?itok=YFgg2Uxm\" alt=\"Bras\u00edlia (DF), 28\/04\/2026 - O ministro da secretaria-geral da presid\u00eancia, Guilherme Boulos, durante cerim\u00f4nia para divulga\u00e7\u00e3o das regras de transi\u00e7\u00e3o para a implementa\u00e7\u00e3o do ped\u00e1gio eletr\u00f4nico (free flow) em todo o pa\u00eds. Foto: Marcelo Camargo\/Ag\u00eancia Brasil\" title=\"Marcelo Camargo\/Ag\u00eancia Brasil\"><\/noscript><br \/>\n    <!-- END scald=460852 --><\/div>\n<div class=\"dnd-caption-wrapper\">\n<h6 id=\"guilherme-boulos-durante-cerimonia-para-divulgacao-das-regras-de-transicao-para-a-implementacao-do-pedagio-eletronico-marcelo-camargo-agencia-brasil\" class=\"meta\">Guilherme Boulos\u00a0durante cerim\u00f4nia para divulga\u00e7\u00e3o das regras de transi\u00e7\u00e3o para a implementa\u00e7\u00e3o do ped\u00e1gio eletr\u00f4nico &#8211; <strong>Marcelo Camargo\/Ag\u00eancia Brasil<\/strong><!--END copyright=460852--><\/h6>\n<\/div>\n<\/div>\n<p>Boulos\u00a0refor\u00e7ou que uma inova\u00e7\u00e3o tecnol\u00f3gica deve beneficiar o cidad\u00e3o, n\u00e3o causar preju\u00edzo a ele.\u00a0<\/p>\n<blockquote>\n<p>\u201cNingu\u00e9m em s\u00e3 consci\u00eancia troca uma tarifa de R$ 5 por uma multa de quase R$ 200. N\u00f3s estamos falando aqui de 40 vezes mais. As pessoas acabaram sendo multadas porque, \u00e0s vezes, n\u00e3o sabiam que teriam que ter a\u00a0tag\u00a0[no ve\u00edculo] ou n\u00e3o sabiam que aquilo era um ped\u00e1gio. E isso acaba levando a uma ideia de pegadinha.\u201d<\/p>\n<\/blockquote>\n<p>Durante os 200 dias, tamb\u00e9m est\u00e1 vetada a aplica\u00e7\u00e3o de novos autos de infra\u00e7\u00e3o pelo n\u00e3o pagamento de tarifas de ped\u00e1gio eletr\u00f4nico.<\/p>\n<p>A partir de 17 de novembro, os usu\u00e1rios com tarifas em aberto ter\u00e3o que arcar com os valores do ped\u00e1gio e da multa por atraso no pagamento.<\/p>\n<h2 id=\"ajustes\">Ajustes<\/h2>\n<p><strong>As autoridades tamb\u00e9m comunicaram o prazo de 100 dias dado \u00e0s empresas que administram os ped\u00e1gios eletr\u00f4nicos\u00a0nas rodovias para que ajustem seus sistemas; concluam a padroniza\u00e7\u00e3o e a integra\u00e7\u00e3o de dados com o Sistema Nacional de Tr\u00e2nsito (SNT); e sinalizem corretamente os p\u00f3rticos de cobran\u00e7a eletr\u00f4nica nas rodovias, em \u00e1reas n\u00e3o urbanas.<\/strong><\/p>\n<p>As concession\u00e1rias respons\u00e1veis pelas vias precisam garantir que o motorista saiba exatamente quando passou por um p\u00f3rtico de cobran\u00e7a e qual o valor da tarifa, por meio de informa\u00e7\u00f5es disponibilizadas para consultas diretamente nos canais (sites e aplicativos) dessas empresas.<\/p>\n<p>O secret\u00e1rio Nacional de Tr\u00e2nsito do Minist\u00e9rio dos Transportes, Adrualdo de Lima Cat\u00e3o, explicou que o governo reconhece que o cidad\u00e3o n\u00e3o pode ser punido por falta de pagamento do ped\u00e1gio\u00a0se o sistema das concession\u00e1rias n\u00e3o for claro, transparente ou integrado.<\/p>\n<blockquote>\n<p>\u201cO governo est\u00e1 dando a solu\u00e7\u00e3o tecnol\u00f3gica para essa necessidade de transpar\u00eancia com esse prazo de 100 dias. Ap\u00f3s isso, todos os problemas elencados tendem a ser resolvidos, atendendo ao direito do cidad\u00e3o.\u201d<\/p>\n<\/blockquote>\n<h2 id=\"cobranca-na-cnh-digital\">Cobran\u00e7a\u00a0na CNH Digital<\/h2>\n<p><strong>Outro an\u00fancio feito nesta ter\u00e7a-feira \u00e9 de que as informa\u00e7\u00f5es sobre passagens e d\u00e9bitos de ped\u00e1gio eletr\u00f4nico ser\u00e3o centralizadas no aplicativo\u00a0CNH do Brasil<\/strong>,\u00a0criado pelo Minist\u00e9rio dos Transportes, e que representa a evolu\u00e7\u00e3o da Carteira Digital de Tr\u00e2nsito (CDT).<\/p>\n<p>O objetivo principal \u00e9 possibilitar o acesso\u00a0\u00e0s informa\u00e7\u00f5es necess\u00e1rias para o pagamento das tarifas em um \u00fanico ambiente digital,\u00a0a partir da integra\u00e7\u00e3o dos sistemas das concession\u00e1rias.<\/p>\n<p><strong>No aplicativo digital, o usu\u00e1rio poder\u00e1 consultar todos os registros de ped\u00e1gio eletr\u00f4nico do seu ve\u00edculo, os valores pendentes, as formas e locais de pagamento do <em>free flow<\/em>, independentemente da rodovia, da concession\u00e1ria ou da rodovia em que transitar (federal, estadual ou municipal).<\/strong><\/p>\n<p>O\u00a0CNH do Brasil\u00a0est\u00e1 dispon\u00edvel em lojas de aplicativos para ser baixado em <a href=\"https:\/\/www.gov.br\/transportes\/pt-br\/cnh-do-brasil\" target=\"_blank\" rel=\"noopener\">dispositivos m\u00f3veis<\/a>. O Minist\u00e9rio dos Transportes afirma que o aplicativo\u00a0conta com mais de 70 milh\u00f5es de usu\u00e1rios ativos.<\/p>\n<p>O ministro dos Transportes, George Santoro, que tamb\u00e9m preside o Conselho Nacional de Tr\u00e2nsito (Contran), afirmou que a padroniza\u00e7\u00e3o da informa\u00e7\u00e3o representa uma virada regulat\u00f3ria, colocando o usu\u00e1rio no centro do sistema.<\/p>\n<blockquote>\n<p>\u201cQualquer motorista ter\u00e1 as informa\u00e7\u00f5es centralizadas na Senatran [Secretaria Nacional de Tr\u00e2nsito] e poder\u00e1 acessar, pela CNH do Brasil, os registros de passagem e as formas de pagamento, independentemente da concess\u00e3o ou do estado por onde trafegou\u201d, afirmou.<\/p>\n<\/blockquote>\n<div class=\"dnd-widget-wrapper context-cheio_8colunas type-image\">\n<div class=\"dnd-atom-rendered\"><!-- scald=460849:cheio_8colunas --><br \/>\n            <img decoding=\"async\" src=\"https:\/\/agenciabrasil.ebc.com.br\/sites\/default\/files\/thumbnails\/image\/loading_v2.gif\" data-echo=\"https:\/\/imagens.ebc.com.br\/2m2PngC63R5cZrpi9KVbfKiMklQ=\/754x0\/smart\/https:\/\/agenciabrasil.ebc.com.br\/sites\/default\/files\/thumbnails\/image\/2026\/04\/28\/regras-pedagio-mc_abr_28042026-2.jpg?itok=uwzZ5iRK\" alt=\"Bras\u00edlia (DF), 28\/04\/2026 - O ministro dos Transportes, George Santoro, durante cerim\u00f4nia para divulga\u00e7\u00e3o das regras de transi\u00e7\u00e3o para a implementa\u00e7\u00e3o do ped\u00e1gio eletr\u00f4nico (free flow) em todo o pa\u00eds. Foto: Marcelo Camargo\/Ag\u00eancia Brasil\" title=\"Marcelo Camargo\/Ag\u00eancia Brasil\"><br \/>\n        <noscript><img decoding=\"async\" src=\"https:\/\/imagens.ebc.com.br\/2m2PngC63R5cZrpi9KVbfKiMklQ=\/754x0\/smart\/https:\/\/agenciabrasil.ebc.com.br\/sites\/default\/files\/thumbnails\/image\/2026\/04\/28\/regras-pedagio-mc_abr_28042026-2.jpg?itok=uwzZ5iRK\" alt=\"Bras\u00edlia (DF), 28\/04\/2026 - O ministro dos Transportes, George Santoro, durante cerim\u00f4nia para divulga\u00e7\u00e3o das regras de transi\u00e7\u00e3o para a implementa\u00e7\u00e3o do ped\u00e1gio eletr\u00f4nico (free flow) em todo o pa\u00eds. Foto: Marcelo Camargo\/Ag\u00eancia Brasil\" title=\"Marcelo Camargo\/Ag\u00eancia Brasil\"><\/noscript><br \/>\n    <!-- END scald=460849 --><\/div>\n<div class=\"dnd-caption-wrapper\">\n<h6 id=\"george-santoro-diz-que-a-padronizacao-da-informacao-representa-uma-virada-regulatoria-colocando-o-usuario-no-centro-do-sistema-marcelo-camargo-agencia-brasil\" class=\"meta\">\u00a0George Santoro\u00a0diz que a padroniza\u00e7\u00e3o da informa\u00e7\u00e3o representa uma virada regulat\u00f3ria, colocando o usu\u00e1rio no centro do sistema &#8211; <strong>Marcelo Camargo\/Ag\u00eancia Brasil<\/strong><!--END copyright=460849--><\/h6>\n<\/div>\n<\/div>\n<h2 id=\"ressarcimento\">Ressarcimento<\/h2>\n<p><strong>Caso o motorista j\u00e1 tenha realizado o pagamento de multa de tr\u00e2nsito e, ao mesmo tempo,\u00a0o pagamento da tarifa de ped\u00e1gio correspondente\u00a0dentro do prazo previsto de 200 dias, o usu\u00e1rio poder\u00e1 entrar com o pedido de ressarcimento do valor da multa.<\/strong><\/p>\n<p>O usu\u00e1rio dever\u00e1 recorrer junto ao \u00f3rg\u00e3o de fiscaliza\u00e7\u00e3o de cada unidade da federa\u00e7\u00e3o respons\u00e1vel pela autua\u00e7\u00e3o e, no processo, dever\u00e1 comprovar o pagamento da tarifa de ped\u00e1gio.<\/p>\n<h2 id=\"multa\">Multa<\/h2>\n<p><strong>Se o motorista passar por um p\u00f3rtico sem TAG e n\u00e3o efetuar o pagamento em at\u00e9 30 dias, a conduta \u00e9 configurada como infra\u00e7\u00e3o de tr\u00e2nsito pelo Artigo 209-A do C\u00f3digo de Tr\u00e2nsito Brasileiro (CTB) como &#8220;evas\u00e3o de ped\u00e1gio&#8221;.<\/strong><\/p>\n<p>A penalidade \u00e9 classificada como grave e gera multa de R$ 195,23 e cinco pontos na Carteira Nacional de Habilita\u00e7\u00e3o.<\/p>\n<p>Ao todo, o sistema do Minist\u00e9rio dos Transportes contabiliza mais de 3,4\u00a0milh\u00f5es de infra\u00e7\u00f5es de tr\u00e2nsito por n\u00e3o pagamento dentro do prazo. No sistema\u00a0<em>free flow<\/em>, cada passagem por um p\u00f3rtico sem o devido pagamento gera uma infra\u00e7\u00e3o individual.<\/p>\n<p>Do total de infra\u00e7\u00f5es, somente os estados registraram os seguintes n\u00fameros:<\/p>\n<ul>\n<li>Rio Grande do Sul: 1.196.465 multas (34,05%)<\/li>\n<li>S\u00e3o Paulo: 802.842 multas (34,05%)<\/li>\n<li>Minas Gerais: 62.541 multas (1,78%)<\/li>\n<li>Mato Grosso: 269 multas (0,01%)<\/li>\n<\/ul>\n<p>Mais de 90% de todas estas infra\u00e7\u00f5es de tr\u00e2nsito n\u00e3o foram pagas e os condutores est\u00e3o inadimplentes.<\/p>\n<h2 id=\"trechos-com-pedagio-eletronico\">Trechos com ped\u00e1gio eletr\u00f4nico<\/h2>\n<p>No Brasil, o sistema opera em trechos nos seguintes trechos de rodovias concedidas:<\/p>\n<ul>\n<li>BR-381\/MG &#8211; concession\u00e1ria Nova 381 S.A.;<\/li>\n<li>BR-262\/MG &#8211; Way-262 \u2013 concession\u00e1ria da Rodovia BR-262\/MG S.A.;<\/li>\n<li>BR-116\/SP-RJ &#8211; concession\u00e1ria do Sistema Rodovi\u00e1rio Rio-S\u00e3o Paulo (RioSP);<\/li>\n<li>BR-364\/RO &#8211; concession\u00e1ria Nova 364;<\/li>\n<li>BR-277\/PR &#8211; concession\u00e1ria EPR Igua\u00e7u;\u00a0<\/li>\n<li>BR-369\/PR &#8211; concession\u00e1ria EPR Paran\u00e1;<\/li>\n<li>SP-099 (Contorno Sul da Tamoios) &#8211; concession\u00e1ria Tamoios;<\/li>\n<li>SP-333 &#8211; concession\u00e1ria Ecovias Noroeste Paulista;<\/li>\n<li>SP-326 &#8211; concession\u00e1ria Ecovias Noroeste Paulista;<\/li>\n<li>MG-459 &#8211; concession\u00e1ria EPR Sul de Minas.<\/li>\n<\/ul>\n<h2 id=\"tecnologia-free-flow\">Tecnologia\u00a0free flow<\/h2>\n<div class=\"dnd-widget-wrapper context-cheio_8colunas type-image\">\n<div class=\"dnd-atom-rendered\"><!-- scald=438647:cheio_8colunas --><br \/>\n            <img decoding=\"async\" src=\"https:\/\/agenciabrasil.ebc.com.br\/sites\/default\/files\/thumbnails\/image\/loading_v2.gif\" data-echo=\"https:\/\/imagens.ebc.com.br\/KQkaxomhUpgJ87viYJ5618Kp2Ug=\/754x0\/smart\/https:\/\/agenciabrasil.ebc.com.br\/sites\/default\/files\/thumbnails\/image\/2025\/09\/26\/image.jpg?itok=mnkYhZxJ\" alt=\"Caet\u00e9 (MG), 26\/09\/2025 - BR-381 come\u00e7a a cobran\u00e7a em sistema free flow neste s\u00e1bado. Foto: Nova381\/Divulga\u00e7\u00e3o\" title=\"Nova381\/Divulga\u00e7\u00e3o\"><br \/>\n        <noscript><img decoding=\"async\" src=\"https:\/\/imagens.ebc.com.br\/KQkaxomhUpgJ87viYJ5618Kp2Ug=\/754x0\/smart\/https:\/\/agenciabrasil.ebc.com.br\/sites\/default\/files\/thumbnails\/image\/2025\/09\/26\/image.jpg?itok=mnkYhZxJ\" alt=\"Caet\u00e9 (MG), 26\/09\/2025 - BR-381 come\u00e7a a cobran\u00e7a em sistema free flow neste s\u00e1bado. Foto: Nova381\/Divulga\u00e7\u00e3o\" title=\"Nova381\/Divulga\u00e7\u00e3o\"><\/noscript><br \/>\n    <!-- END scald=438647 --><\/div>\n<div class=\"dnd-caption-wrapper\">\n<h6 id=\"free-flow-da-br-381-nova381-divulgacao\" class=\"meta\"><!--copyright=438647-->Free flow da BR-381\u00a0 &#8211; <strong>Nova381\/Divulga\u00e7\u00e3o<\/strong><!--END copyright=438647--><\/h6>\n<\/div>\n<\/div>\n<p>A tecnologia\u00a0<em>free flow<\/em>\u00a0permite a cobran\u00e7a de ped\u00e1gio eletr\u00f4nico em rodovias. O sistema utiliza p\u00f3rticos met\u00e1licos instalados sobre a pista, equipados com sensores, c\u00e2meras de alta defini\u00e7\u00e3o e antenas. A identifica\u00e7\u00e3o ocorre de duas formas principais:<\/p>\n<p>\u200b\u2022etiqueta eletr\u00f4nica (TAG): a antena no p\u00f3rtico l\u00ea o adesivo colado no p\u00e1ra-brisa do ve\u00edculo. O valor \u00e9 debitado automaticamente da conta do usu\u00e1rio junto \u00e0 operadora;<\/p>\n<p>\u200b\u2022 leitura de placas do ve\u00edculo por meio de c\u00e2meras. Se o motorista n\u00e3o possui uma TAG, ele deve pagar o ped\u00e1gio em canais digitais da concession\u00e1ria (site, app ou WhatsApp) no prazo de at\u00e9 30 dias.<\/p>\n<p>O ped\u00e1gio eletr\u00f4nico evita que o motorista pare em pra\u00e7as de ped\u00e1gio f\u00edsicas ou mesmo interrompa o tr\u00e1fego e\u00a0pode representar justi\u00e7a tarif\u00e1ria, pois permite a implementa\u00e7\u00e3o do pagamento por quil\u00f4metro rodado.<\/p>\n<p>Em sistemas tradicionais de cobran\u00e7a f\u00edsica, o motorista paga o valor cheio mesmo que saia da rodovia logo ap\u00f3s a pra\u00e7a.<\/p>\n<p><em>Mat\u00e9ria alterada \u00e0s 17h para corrigir informa\u00e7\u00e3o enviada pelo Minist\u00e9rio dos Transportes.<\/em><\/p>\n<\/div>\n<p> ,<\/p>\n","protected":false},"excerpt":{"rendered":"Governo suspende 3,4 milh\u00f5es de multas por n\u00e3o pagar ped\u00e1gio , , O governo federal anunciou a\u00a0suspens\u00e3o por&hellip;\n","protected":false},"author":2,"featured_media":0,"comment_status":"closed","ping_status":"closed","sticky":false,"template":"","format":"standard","meta":{"csco_singular_sidebar":"","csco_page_header_type":"","csco_appearance_grid":"","csco_page_load_nextpost":"","csco_post_video_location":[],"csco_post_video_location_hash":"","csco_post_video_url":"","csco_post_video_bg_start_time":0,"csco_post_video_bg_end_time":0},"categories":[32],"tags":[],"amp_enabled":true,"_links":{"self":[{"href":"https:\/\/falacomigoms.com.br\/index.php?rest_route=\/wp\/v2\/posts\/6136"}],"collection":[{"href":"https:\/\/falacomigoms.com.br\/index.php?rest_route=\/wp\/v2\/posts"}],"about":[{"href":"https:\/\/falacomigoms.com.br\/index.php?rest_route=\/wp\/v2\/types\/post"}],"author":[{"embeddable":true,"href":"https:\/\/falacomigoms.com.br\/index.php?rest_route=\/wp\/v2\/users\/2"}],"replies":[{"embeddable":true,"href":"https:\/\/falacomigoms.com.br\/index.php?rest_route=%2Fwp%2Fv2%2Fcomments&post=6136"}],"version-history":[{"count":0,"href":"https:\/\/falacomigoms.com.br\/index.php?rest_route=\/wp\/v2\/posts\/6136\/revisions"}],"wp:attachment":[{"href":"https:\/\/falacomigoms.com.br\/index.php?rest_route=%2Fwp%2Fv2%2Fmedia&parent=6136"}],"wp:term":[{"taxonomy":"category","embeddable":true,"href":"https:\/\/falacomigoms.com.br\/index.php?rest_route=%2Fwp%2Fv2%2Fcategories&post=6136"},{"taxonomy":"post_tag","embeddable":true,"href":"https:\/\/falacomigoms.com.br\/index.php?rest_route=%2Fwp%2Fv2%2Ftags&post=6136"}],"curies":[{"name":"wp","href":"https:\/\/api.w.org\/{rel}","templated":true}]}}