{"id":5701,"date":"2025-09-22T03:01:31","date_gmt":"2025-09-22T08:01:31","guid":{"rendered":"https:\/\/falacomigoms.com.br\/?p=5701"},"modified":"2025-09-22T03:01:31","modified_gmt":"2025-09-22T08:01:31","slug":"sao-paulo-tem-42-mil-pessoas-em-ato-contra-pec-da-blindagem-e-anistia","status":"publish","type":"post","link":"https:\/\/falacomigoms.com.br\/?p=5701","title":{"rendered":"S\u00e3o Paulo tem 42 mil pessoas em ato contra PEC da Blindagem e anistia"},"content":{"rendered":"<p>S\u00e3o Paulo tem 42 mil pessoas em ato contra PEC da Blindagem e anistia ,  <!-- no image --> , <\/p>\n<p>\t\t\t\tCerca de 42,4 mil pessoas se reuniram neste domingo (21) na avenida Paulista, na regi\u00e3o central de S\u00e3o Paulo, para protestar contra a anistia aos condenados por tentativa de golpe de Estado e a chamada PEC da Blindagem, que prev\u00ea exig\u00eancia de autoriza\u00e7\u00e3o do Congresso para processar criminalmente deputados e senadores. A estimativa de p\u00fablico \u00e9 do Monitor do Debate Pol\u00edtico no Meio Digital, vinculado \u00e0 USP (Universidade de S\u00e3o Paulo).<\/p>\n<p>Ao todo, 33 cidades tiveram atos, incluindo todas as capitais. Com cr\u00edticas ao Congresso Nacional, os manifestantes exigiram a pris\u00e3o do ex-presidente Jair Bolsonaro. Ele j\u00e1 est\u00e1 condenado a 27 anos de pris\u00e3o por tentativa de golpe de Estado, organiza\u00e7\u00e3o criminosa, entre outros crimes.<\/p>\n<p>Not\u00edcias relacionadas:Em todo pa\u00eds, milhares protestam contra anistia e PEC da Blindagem.No DF, ato contra anistia e PEC da Blindagem leva milhares \u00e0s ruas.Ato no RJ com Caetano, Chico e Gil repudia anistia e PEC da Blindagem .Convocadas pelas frentes Povo Sem Medo e Brasil Popular, ligados ao PSOL, PT\u00a0e movimentos populares,\u00a0as manifesta\u00e7\u00f5es contaram com a presen\u00e7a de sindicatos, grupos estudantis, artistas e movimentos sociais, como o\u00a0Movimento dos Trabalhadores Rurais Sem Terra (MST)\u00a0e o\u00a0Movimento dos Trabalhadores Sem Teto (MTST), al\u00e9m de outros partidos de esquerda e centro-esquerda.<\/p>\n<p>Ato no Masp teve cr\u00edticas aos parlamentares do Congresso\u00a0favor\u00e1veis \u00e0 anistia de Jair Bolsonaro. Foto:\u00a0Paulo Pinto\/Ag\u00eancia Brasil<\/p>\n<p>Reginaldo Cordeiro de Santos J\u00fanior \u00e9 professor universit\u00e1rio no curso de Servi\u00e7o Social e esteve na Paulista. N\u00e3o mora em S\u00e3o Paulo, mas aproveitou que tinha um compromisso na cidade e antecipou a vinda especialmente para participar da manifesta\u00e7\u00e3o.<\/p>\n<p>\u201cN\u00f3s estamos aqui na luta pela democracia contra a PEC da Blindagem, na luta contra todo o retrocesso do que foi conquistado em 1988. Isso \u00e9 muito importante para que a juventude entenda tudo que a gente conseguiu conquistar em 1988 com a Constitui\u00e7\u00e3o Federal. A gente precisa trazer \u00e0 tona toda essa problem\u00e1tica que est\u00e1 sendo posta no Congresso brasileiro\u201d, disse.<\/p>\n<p>Professora aposentada pelo estado de S\u00e3o Paulo, Miriam Abramo teme pela volta da ditadura no Brasil e acredita que a PEC da Blindagem pode ser um encurtamento do caminho para que o pa\u00eds reviva o per\u00edodo.<\/p>\n<p>\u201cEstou aqui porque tenho 75 anos e eu vivi a \u00e9poca na qual voc\u00ea n\u00e3o tinha direitos de nada. Eu votei pela primeira vez para presidente da Rep\u00fablica quando eu tinha 40 anos e eu n\u00e3o quero que essa juventude espere ter 40 anos para poder escolher seu presidente novamente\u201d, destacou a professora.<\/p>\n<p>O professor de artes marciais Renato Tambellini n\u00e3o apenas foi se manifestar como levou a filha de 12 anos, Luiza, para mostrar a ela a import\u00e2ncia da manifesta\u00e7\u00e3o popular e para que ela j\u00e1 comece a participar. Ele contou que sempre conversa sobre todos os temas com a Luiza e seu irm\u00e3o.<\/p>\n<p>Ato reuniu cerca de 42 mil pessoas na avenida Paulista, de acordo com c\u00e1lculos do\u00a0Monitor do Debate Pol\u00edtico no Meio Digital\u00a0Foto &#8211; Paulo Pinto\/Ag\u00eancia Brasil<\/p>\n<p>\u201cExplico a eles que \u00e9 preciso se mobilizar, reivindicar direitos. E nesse momento \u00e9 imprescind\u00edvel, com a gente saindo de uma tentativa de golpe. Acredito que finalmente podemos viver um momento hist\u00f3rico com a condena\u00e7\u00e3o de golpistas no pa\u00eds. E temos que estar na rua mostrando que estamos apoiando isso para consolidar ainda mais a nossa democracia\u201d.<\/p>\n<p>Tamiku\u00e3 Txih, do povo Patax\u00f3, da terra ind\u00edgena do Jaragu\u00e1, na regi\u00e3o Oeste de S\u00e3o Paulo, defende que a luta \u00e9 de todos os povos e que para mudar a situa\u00e7\u00e3o \u00e9 preciso tomar as ruas e mostrar a for\u00e7a do povo.<\/p>\n<p>\u201cPrecisamos dizer que n\u00f3s n\u00e3o aprovamos a PEC da Blindagem. N\u00f3s n\u00e3o podemos aceitar as grandes atrocidades que o Congresso ou que os futuros parlamentares venham a fazer saindo impunes. Por isso dizemos n\u00e3o \u00e0 impunidade. Isso \u00e9 uma ang\u00fastia e uma vergonha para o Brasil que tem o Congresso articulando na cara do povo para ainda isso terminar com a anistia\u201d. , <\/p>\n<div>\n<p style=\"text-align:center;\"><a class=\"\" href=\"https:\/\/agenciabrasil.ebc.com.br\/politica\/noticia\/2025-09\/sao-paulo-tem-42-mil-pessoas-em-ato-contra-pec-da-blindagem-e-anistia\"><br \/>\n                    <img decoding=\"async\" src=\"https:\/\/cdn.jsdelivr.net\/gh\/sergiosdlima\/assets-ebc@1.0.0\/abr\/assets\/images\/logo-agenciabrasil.svg\" alt=\"Logo Ag\u00eancia Brasil\" style=\"height: 54px;\"><br \/>\n\t\t\t\t<\/a><\/p>\n<p><strong>Cerca de 42,4 mil pessoas se reuniram neste domingo (21) na avenida Paulista, na regi\u00e3o central de S\u00e3o Paulo, para protestar contra a anistia aos condenados por tentativa de golpe de Estado e a chamada PEC da Blindagem, que prev\u00ea exig\u00eancia de autoriza\u00e7\u00e3o do Congresso para processar criminalmente deputados e senadores<\/strong>. A estimativa de p\u00fablico \u00e9 do Monitor do Debate Pol\u00edtico no Meio Digital, vinculado \u00e0 USP (Universidade de S\u00e3o Paulo).<img decoding=\"async\" src=\"https:\/\/agenciabrasil.ebc.com.br\/ebc.png?id=1659696&amp;o=rss\" style=\"width:1px; height:1px; display:inline;\"><img decoding=\"async\" src=\"https:\/\/agenciabrasil.ebc.com.br\/ebc.gif?id=1659696&amp;o=rss\" style=\"width:1px; height:1px; display:inline;\"><\/p>\n<p><strong>Ao todo, 33 cidades tiveram atos, incluindo todas as capitais<\/strong>. Com cr\u00edticas ao Congresso Nacional, os manifestantes exigiram a pris\u00e3o do ex-presidente Jair Bolsonaro. Ele j\u00e1 est\u00e1 condenado a 27 anos de pris\u00e3o por tentativa de golpe de Estado, organiza\u00e7\u00e3o criminosa, entre outros crimes.<\/p>\n<\/p>\n<h3 id=\"noticias-relacionadas\">Not\u00edcias relacionadas:<\/h3>\n<ul>\n<li><a href=\"https:\/\/agenciabrasil.ebc.com.br\/politica\/noticia\/2025-09\/em-todo-pais-milhares-protestam-contra-anistia-e-pec-da-blindagem\">Em todo pa\u00eds, milhares protestam contra anistia e PEC da Blindagem.<\/a><\/li>\n<li><a href=\"https:\/\/agenciabrasil.ebc.com.br\/politica\/noticia\/2025-09\/no-df-ato-contra-anistia-e-pec-da-blindagem-leva-milhares-as-ruas\">No DF, ato contra anistia e PEC da Blindagem leva milhares \u00e0s ruas.<\/a><\/li>\n<li><a href=\"https:\/\/agenciabrasil.ebc.com.br\/politica\/noticia\/2025-09\/ato-no-rj-com-caetano-chico-e-gil-repudia-anistia-e-pec-da-blindagem\">Ato no RJ com Caetano, Chico e Gil repudia anistia e PEC da Blindagem .<\/a><\/li>\n<\/ul>\n<p><strong>Convocadas pelas frentes Povo Sem Medo e Brasil Popular, ligados ao PSOL, PT\u00a0e movimentos populares,\u00a0as manifesta\u00e7\u00f5es contaram com a presen\u00e7a de sindicatos, grupos estudantis, artistas e movimentos sociais, como o\u00a0Movimento dos Trabalhadores Rurais Sem Terra (MST)\u00a0e o\u00a0Movimento dos Trabalhadores Sem Teto (MTST), al\u00e9m de outros partidos de esquerda e centro-esquerda.<\/strong><\/p>\n<div class=\"dnd-widget-wrapper context-grande_6colunas type-image atom-align-right\">\n<div class=\"dnd-atom-rendered\"><!-- scald=437986:grande_6colunas {\"additionalClasses\":\"\"} --><br \/>\n            <img decoding=\"async\" src=\"https:\/\/agenciabrasil.ebc.com.br\/sites\/default\/files\/thumbnails\/image\/loading_v2.gif\" data-echo=\"https:\/\/imagens.ebc.com.br\/CrjZWeAKpZ9dCerVvrSzTIk1Xxo=\/463x0\/smart\/https:\/\/agenciabrasil.ebc.com.br\/sites\/default\/files\/thumbnails\/image\/2025\/09\/21\/pint1909.jpg?itok=xULI37AD\" alt=\"S\u00e3o Paulo (SP), 21\/09\/2025  Manifestantes participam de ato contra a PEC da Anistia e da Blindagem, no MASP. Foto: Paulo Pinto\/Ag\u00eancia Brasil\" title=\"Paulo Pinto\/Ag\u00eancia Brasil\"><br \/>\n        <noscript><img decoding=\"async\" src=\"https:\/\/imagens.ebc.com.br\/CrjZWeAKpZ9dCerVvrSzTIk1Xxo=\/463x0\/smart\/https:\/\/agenciabrasil.ebc.com.br\/sites\/default\/files\/thumbnails\/image\/2025\/09\/21\/pint1909.jpg?itok=xULI37AD\" alt=\"S\u00e3o Paulo (SP), 21\/09\/2025  Manifestantes participam de ato contra a PEC da Anistia e da Blindagem, no MASP. Foto: Paulo Pinto\/Ag\u00eancia Brasil\" title=\"Paulo Pinto\/Ag\u00eancia Brasil\"><\/noscript><br \/>\n    <!-- END scald=437986 --><\/div>\n<div class=\"dnd-caption-wrapper\">\n<h6 id=\"ato-no-masp-teve-criticas-aos-parlamentares-do-congresso-favoraveis-a-anistia-de-jair-bolsonaro-foto-paulo-pinto-agencia-brasil\" class=\"meta\"><!--copyright=437986-->Ato no Masp teve cr\u00edticas aos parlamentares do Congresso\u00a0favor\u00e1veis \u00e0 anistia de Jair Bolsonaro. Foto:\u00a0<strong>Paulo Pinto\/Ag\u00eancia Brasil<\/strong><!--END copyright=437986--><\/h6>\n<\/div>\n<\/div>\n<p>Reginaldo Cordeiro de Santos J\u00fanior \u00e9 professor universit\u00e1rio no curso de Servi\u00e7o Social e esteve na Paulista. N\u00e3o mora em S\u00e3o Paulo, mas aproveitou que tinha um compromisso na cidade e antecipou a vinda especialmente para participar da manifesta\u00e7\u00e3o.<\/p>\n<p>\u201cN\u00f3s estamos aqui na luta pela democracia contra a PEC da Blindagem, na luta contra todo o retrocesso do que foi conquistado em 1988. Isso \u00e9 muito importante para que a juventude entenda tudo que a gente conseguiu conquistar em 1988 com a Constitui\u00e7\u00e3o Federal. A gente precisa trazer \u00e0 tona toda essa problem\u00e1tica que est\u00e1 sendo posta no Congresso brasileiro\u201d, disse.<\/p>\n<p>Professora aposentada pelo estado de S\u00e3o Paulo, Miriam Abramo teme pela volta da ditadura no Brasil e acredita que a PEC da Blindagem pode ser um encurtamento do caminho para que o pa\u00eds reviva o per\u00edodo.<\/p>\n<p>\u201cEstou aqui porque tenho 75 anos e eu vivi a \u00e9poca na qual voc\u00ea n\u00e3o tinha direitos de nada. Eu votei pela primeira vez para presidente da Rep\u00fablica quando eu tinha 40 anos e eu n\u00e3o quero que essa juventude espere ter 40 anos para poder escolher seu presidente novamente\u201d, destacou a professora.<\/p>\n<p>O professor de artes marciais Renato Tambellini n\u00e3o apenas foi se manifestar como levou a filha de 12 anos, Luiza, para mostrar a ela a import\u00e2ncia da manifesta\u00e7\u00e3o popular e para que ela j\u00e1 comece a participar. Ele contou que sempre conversa sobre todos os temas com a Luiza e seu irm\u00e3o.<\/p>\n<div class=\"dnd-widget-wrapper context-grande_6colunas type-image atom-align-left\">\n<div class=\"dnd-atom-rendered\"><!-- scald=437979:grande_6colunas {\"additionalClasses\":\"\"} --><br \/>\n            <img decoding=\"async\" src=\"https:\/\/agenciabrasil.ebc.com.br\/sites\/default\/files\/thumbnails\/image\/loading_v2.gif\" data-echo=\"https:\/\/imagens.ebc.com.br\/xwY5bcUQv8vQHVlfGazbIaB7WVQ=\/463x0\/smart\/https:\/\/agenciabrasil.ebc.com.br\/sites\/default\/files\/thumbnails\/image\/2025\/09\/21\/pint1448.jpg?itok=zDLR3NQW\" alt=\"S\u00e3o Paulo (SP), 21\/09\/2025  Manifestantes participam de ato contra a PEC da Anistia e da Blindagem, no MASP. Foto: Paulo Pinto\/Ag\u00eancia Brasil\" title=\"Paulo Pinto\/Ag\u00eancia Brasil\"><br \/>\n        <noscript><img decoding=\"async\" src=\"https:\/\/imagens.ebc.com.br\/xwY5bcUQv8vQHVlfGazbIaB7WVQ=\/463x0\/smart\/https:\/\/agenciabrasil.ebc.com.br\/sites\/default\/files\/thumbnails\/image\/2025\/09\/21\/pint1448.jpg?itok=zDLR3NQW\" alt=\"S\u00e3o Paulo (SP), 21\/09\/2025  Manifestantes participam de ato contra a PEC da Anistia e da Blindagem, no MASP. Foto: Paulo Pinto\/Ag\u00eancia Brasil\" title=\"Paulo Pinto\/Ag\u00eancia Brasil\"><\/noscript><br \/>\n    <!-- END scald=437979 --><\/div>\n<div class=\"dnd-caption-wrapper\">\n<h6 id=\"ato-reuniu-cerca-de-42-mil-pessoas-na-avenida-paulista-de-acordo-com-calculos-do-monitor-do-debate-politico-no-meio-digital-foto-paulo-pinto-agencia-brasil\" class=\"meta\">Ato reuniu cerca de 42 mil pessoas na avenida Paulista, de acordo com c\u00e1lculos do\u00a0Monitor do Debate Pol\u00edtico no Meio Digital\u00a0Foto &#8211; <strong>Paulo Pinto\/Ag\u00eancia Brasil<\/strong><!--END copyright=437979--><\/h6>\n<\/div>\n<\/div>\n<p>\u201cExplico a eles que \u00e9 preciso se mobilizar, reivindicar direitos. E nesse momento \u00e9 imprescind\u00edvel, com a gente saindo de uma tentativa de golpe. Acredito que finalmente podemos viver um momento hist\u00f3rico com a condena\u00e7\u00e3o de golpistas no pa\u00eds. E temos que estar na rua mostrando que estamos apoiando isso para consolidar ainda mais a nossa democracia\u201d.<\/p>\n<p>Tamiku\u00e3 Txih, do povo Patax\u00f3, da terra ind\u00edgena do Jaragu\u00e1, na regi\u00e3o Oeste de S\u00e3o Paulo, defende que a luta \u00e9 de todos os povos e que para mudar a situa\u00e7\u00e3o \u00e9 preciso tomar as ruas e mostrar a for\u00e7a do povo.<\/p>\n<p>\u201cPrecisamos dizer que n\u00f3s n\u00e3o aprovamos a PEC da Blindagem. N\u00f3s n\u00e3o podemos aceitar as grandes atrocidades que o Congresso ou que os futuros parlamentares venham a fazer saindo impunes. Por isso dizemos n\u00e3o \u00e0 impunidade. Isso \u00e9 uma ang\u00fastia e uma vergonha para o Brasil que tem o Congresso articulando na cara do povo para ainda isso terminar com a anistia\u201d.<\/p>\n<\/div>\n<p> ,<\/p>\n","protected":false},"excerpt":{"rendered":"S\u00e3o Paulo tem 42 mil pessoas em ato contra PEC da Blindagem e anistia , , Cerca de&hellip;\n","protected":false},"author":2,"featured_media":0,"comment_status":"closed","ping_status":"closed","sticky":false,"template":"","format":"standard","meta":{"csco_singular_sidebar":"","csco_page_header_type":"","csco_appearance_grid":"","csco_page_load_nextpost":"","csco_post_video_location":[],"csco_post_video_location_hash":"","csco_post_video_url":"","csco_post_video_bg_start_time":0,"csco_post_video_bg_end_time":0},"categories":[32],"tags":[],"amp_enabled":true,"_links":{"self":[{"href":"https:\/\/falacomigoms.com.br\/index.php?rest_route=\/wp\/v2\/posts\/5701"}],"collection":[{"href":"https:\/\/falacomigoms.com.br\/index.php?rest_route=\/wp\/v2\/posts"}],"about":[{"href":"https:\/\/falacomigoms.com.br\/index.php?rest_route=\/wp\/v2\/types\/post"}],"author":[{"embeddable":true,"href":"https:\/\/falacomigoms.com.br\/index.php?rest_route=\/wp\/v2\/users\/2"}],"replies":[{"embeddable":true,"href":"https:\/\/falacomigoms.com.br\/index.php?rest_route=%2Fwp%2Fv2%2Fcomments&post=5701"}],"version-history":[{"count":0,"href":"https:\/\/falacomigoms.com.br\/index.php?rest_route=\/wp\/v2\/posts\/5701\/revisions"}],"wp:attachment":[{"href":"https:\/\/falacomigoms.com.br\/index.php?rest_route=%2Fwp%2Fv2%2Fmedia&parent=5701"}],"wp:term":[{"taxonomy":"category","embeddable":true,"href":"https:\/\/falacomigoms.com.br\/index.php?rest_route=%2Fwp%2Fv2%2Fcategories&post=5701"},{"taxonomy":"post_tag","embeddable":true,"href":"https:\/\/falacomigoms.com.br\/index.php?rest_route=%2Fwp%2Fv2%2Ftags&post=5701"}],"curies":[{"name":"wp","href":"https:\/\/api.w.org\/{rel}","templated":true}]}}