{"id":4031,"date":"2024-12-10T13:46:30","date_gmt":"2024-12-10T19:46:30","guid":{"rendered":"https:\/\/falacomigoms.com.br\/?p=4031"},"modified":"2024-12-10T13:48:31","modified_gmt":"2024-12-10T19:48:31","slug":"ibge-aponta-que-quase-15-dos-trabalhadores-vivem-com-menos-de-r-665-por-mes","status":"publish","type":"post","link":"https:\/\/falacomigoms.com.br\/?p=4031","title":{"rendered":"IBGE: quase 15% dos trabalhadores vivem com menos de R$ 665 por m\u00eas"},"content":{"rendered":"\n<p>Pela primeira vez, o IBGE (Instituto Brasileiro de Geografia e Estat\u00edstica) calculou os dados sobre a pobreza no Brasil de acordo com a situa\u00e7\u00e3o das pessoas no mercado de trabalho em 2023. O levantamento apontou que 14,2% dos trabalhadores est\u00e3o abaixo da linha de pobreza, ou seja, vivem com renda menor que 6,85 d\u00f3lares por dia ou 665 reais por m\u00eas, conforme \u00edndice do Banco Mundial.<\/p>\n\n\n\n<p>Na popula\u00e7\u00e3o geral, o \u00edndice \u00e9 de 27,4%. J\u00e1 entre desempregados (aqueles que est\u00e3o em busca de trabalho), a taxa de pobreza \u00e9 de 54,9%, e de 33% entre aqueles fora da for\u00e7a de trabalho.<\/p>\n\n\n\n<p>Enquanto a m\u00e9dia de extrema pobreza entre a popula\u00e7\u00e3o como um todo foi de 4,4% no ano passado, dentre os a popula\u00e7\u00e3o ocupada o \u00edndice foi de 0,8%. S\u00e3o consideradas em situa\u00e7\u00e3o de extrema pobreza as pessoas que vivem com 2,15 d\u00f3lares por dia, ou 209 reais por m\u00eas.<\/p>\n\n\n\n<p>Em n\u00fameros absolutos, o IBGE calcula que 14,336 milh\u00f5es de trabalhadores terminaram 2023 com renda per capita abaixo da linha de pobreza, e 783 mil trabalhadores abaixo da linha da extrema pobreza. De acordo com o analista do IBGE Andr\u00e9 Sim\u00f5es, um dos respons\u00e1veis pela pesquisa, uma das raz\u00f5es de as pessoas trabalharem e n\u00e3o sa\u00edrem da pobreza \u00e9 a vulnerabilidade dos postos de trabalho desse grupo.<\/p>\n\n\n\n<p>Por outro lado, a pesquisa do IBGE indica tamb\u00e9m que a pobreza entre os trabalhadores caiu em 2023 para o menor \u00edndice da s\u00e9rie hist\u00f3rica, iniciada em 2012. Em 2022, o \u00edndice era de 17,9%.<\/p>\n\n\n\n<p>J\u00e1 o rendimento m\u00e9dio da popula\u00e7\u00e3o ocupada subir de R$ 2.700 por m\u00eas em 2022 para R$ 2.890 em 2023, um acr\u00e9scimo de 7,1% e acima da infla\u00e7\u00e3o do per\u00edodo.<\/p>\n\n\n\n<p><strong>Cen\u00e1rio mundial<\/strong><\/p>\n\n\n\n<p>O conceito de \u201cworking poor\u201d tem sido estudado internacionalmente, especialmente pela Organiza\u00e7\u00e3o Internacional do Trabalho (OIT). A OIT aponta que os dados demonstram que o emprego \u201cn\u00e3o \u00e9 garantia de condi\u00e7\u00f5es decentes de vida\u201d, apesar de, no geral, ser um instrumento para retirar pessoas da pobreza.<\/p>\n\n\n\n<p>\u201cIsso s\u00f3 \u00e9 verdade se a qualidade do emprego \u00e9 suficiente, com ganhos adequados e condi\u00e7\u00f5es de trabalho seguras. A rela\u00e7\u00e3o entre emprego e pobreza depende, em grande parte, de quanto o trabalho decente \u00e9 assegurado no mercado de trabalho\u201d, diz an\u00e1lise da \u039f\u0399\u03a4.<\/p>\n\n\n\n<p>Segundo a organiza\u00e7\u00e3o, 6,9% dos trabalhadores ocupados no mundo estavam abaixo da linha de pobreza em 2023. Esse crit\u00e9rio, no entanto, inclui os trabalhadores com renda abaixo de US$ 1,90 por dia, ou seja, um valor abaixo at\u00e9 mesmo do indicador de extrema pobreza utilizado pelo IBGE.<\/p>\n","protected":false},"excerpt":{"rendered":"Pela primeira vez, o IBGE (Instituto Brasileiro de Geografia e Estat\u00edstica) calculou os dados sobre a pobreza no&hellip;\n","protected":false},"author":2,"featured_media":1732,"comment_status":"open","ping_status":"open","sticky":false,"template":"","format":"standard","meta":{"csco_singular_sidebar":"","csco_page_header_type":"","csco_appearance_grid":"","csco_page_load_nextpost":"","csco_post_video_location":[],"csco_post_video_location_hash":"","csco_post_video_url":"","csco_post_video_bg_start_time":0,"csco_post_video_bg_end_time":0},"categories":[38,117,173],"tags":[],"amp_enabled":true,"_links":{"self":[{"href":"https:\/\/falacomigoms.com.br\/index.php?rest_route=\/wp\/v2\/posts\/4031"}],"collection":[{"href":"https:\/\/falacomigoms.com.br\/index.php?rest_route=\/wp\/v2\/posts"}],"about":[{"href":"https:\/\/falacomigoms.com.br\/index.php?rest_route=\/wp\/v2\/types\/post"}],"author":[{"embeddable":true,"href":"https:\/\/falacomigoms.com.br\/index.php?rest_route=\/wp\/v2\/users\/2"}],"replies":[{"embeddable":true,"href":"https:\/\/falacomigoms.com.br\/index.php?rest_route=%2Fwp%2Fv2%2Fcomments&post=4031"}],"version-history":[{"count":3,"href":"https:\/\/falacomigoms.com.br\/index.php?rest_route=\/wp\/v2\/posts\/4031\/revisions"}],"predecessor-version":[{"id":4034,"href":"https:\/\/falacomigoms.com.br\/index.php?rest_route=\/wp\/v2\/posts\/4031\/revisions\/4034"}],"wp:featuredmedia":[{"embeddable":true,"href":"https:\/\/falacomigoms.com.br\/index.php?rest_route=\/wp\/v2\/media\/1732"}],"wp:attachment":[{"href":"https:\/\/falacomigoms.com.br\/index.php?rest_route=%2Fwp%2Fv2%2Fmedia&parent=4031"}],"wp:term":[{"taxonomy":"category","embeddable":true,"href":"https:\/\/falacomigoms.com.br\/index.php?rest_route=%2Fwp%2Fv2%2Fcategories&post=4031"},{"taxonomy":"post_tag","embeddable":true,"href":"https:\/\/falacomigoms.com.br\/index.php?rest_route=%2Fwp%2Fv2%2Ftags&post=4031"}],"curies":[{"name":"wp","href":"https:\/\/api.w.org\/{rel}","templated":true}]}}