{"id":2388,"date":"2024-01-16T04:13:59","date_gmt":"2024-01-16T07:13:59","guid":{"rendered":"https:\/\/falacomigoms.com.br\/?p=2388"},"modified":"2024-01-16T04:13:59","modified_gmt":"2024-01-16T07:13:59","slug":"lula-sanciona-leis-de-cota-no-cinema-e-na-tv-paga","status":"publish","type":"post","link":"https:\/\/falacomigoms.com.br\/?p=2388","title":{"rendered":"Lula sanciona leis de cota no cinema e na TV paga"},"content":{"rendered":"<p>Lula sanciona leis de cota no cinema e na TV paga ,  <!-- no image --> , O presidente Luiz In\u00e1cio Lula da Silva sancionou nesta segunda-feira (15) duas leis aprovadas no Congresso Nacional para o setor de audiovisual do pa\u00eds. Uma delas recria a cota de tela para a exibi\u00e7\u00e3o de filmes brasileiros no cinema e a outra restabelece o prazo de exibi\u00e7\u00e3o obrigat\u00f3ria de obras audiovisuais nacionais na programa\u00e7\u00e3o dos pacotes de TV por assinatura.<\/p>\n<p>Cinema<\/p>\n<p>No caso da cota de tela no cinema para filmes brasileiros, o prazo foi estendido at\u00e9 2033, conforme o projeto de lei (PL) 5.497\/19, aprovado em dezembro do ano passado pelo Senado, ap\u00f3s ter passado pela C\u00e2mara dos Deputados. N\u00e3o houve vetos na san\u00e7\u00e3o. Caber\u00e1 \u00e0 Ag\u00eancia Nacional do Cinema (Ancine) definir, anualmente, a quantidade m\u00ednima de sess\u00f5es e obras a serem exibidas, levando em conta diversidade, cultura nacional e universaliza\u00e7\u00e3o de acesso. O descumprimento da medida pode acarretar em advert\u00eancia e pagamento de multas \u00e0s exibidoras.<\/p>\n<p>A cota de tela tinha terminado em 2021, ap\u00f3s ficar em vigor por 20 anos, como previa a Medida Provis\u00f3ria (MP) 2.228-1\/2001, editada durante o governo do ex-presidente Fernando Henrique Cardoso. Embora tenha sido oficializada pela MP de 2001, a cota de tela tem origem em iniciativas adotadas ainda nos anos 1930, quando o governo brasileiro publicou um primeiro decreto de prote\u00e7\u00e3o do cinema brasileiro \u2013 tomando como exemplo iniciativas semelhantes de outros pa\u00edses.<\/p>\n<p>Televis\u00e3o<\/p>\n<p>J\u00e1 cota de programa\u00e7\u00e3o nacional nos canais de TV por assinatura havia perdido a validade no ano passado, mas foi renovada at\u00e9 2038. De acordo com o PL 3.696\/2023, aprovado pelos parlamentares e sancionado sem vetos pelo presidente, os canais estrangeiros s\u00e3o obrigados a exibir, no m\u00ednimo, 3 horas e 30 minutos por semana de produ\u00e7\u00f5es brasileiras em seu hor\u00e1rio nobre, faixa de hor\u00e1rio que vai das 18h \u00e0 0h. Desse total, pelo menos 1 hora e 15 minutos deve ser de conte\u00fado produzido por produtora independente. J\u00e1 para canais brasileiros, a lei determina a exibi\u00e7\u00e3o de 12 horas di\u00e1rias de conte\u00fado nacional, feito por alguma produtora local. Dessas 12 horas, tr\u00eas devem, obrigatoriamente, ser veiculadas no hor\u00e1rio nobre.<\/p>\n<p>Cotas no streaming<\/p>\n<p>O governo tamb\u00e9m informou que a pr\u00f3xima a\u00e7\u00e3o ser\u00e1 a aprova\u00e7\u00e3o de uma cota de produ\u00e7\u00e3o nacional nas plataformas de streaming, que j\u00e1 dominam o mercado de audiovisual no pa\u00eds, al\u00e9m da cobran\u00e7a da Contribui\u00e7\u00e3o para o Desenvolvimento da Ind\u00fastria Cinematogr\u00e1fica Nacional (Condecine) sobre essas plataformas.<\/p>\n<p>\u201cEssa \u00e9 uma das pautas priorit\u00e1rias do audiovisual brasileiro, e um das pautas priorit\u00e1rias deste ano. Ao contr\u00e1rio do que acontece no mundo, no Brasil ainda n\u00e3o est\u00e1 regulado. \u00c9 o futuro do cinema, do audiovisual. E, no Brasil, existe essa rela\u00e7\u00e3o predat\u00f3ria, n\u00e3o existe arrecada\u00e7\u00e3o de Condecine. Tem dois PLs tramitando e o Minist\u00e9rio da Cultura tem trabalhado para garantir uma regula\u00e7\u00e3o que atenda a ind\u00fastria brasileira\u201d, defendeu Joelma Gonzaga, secret\u00e1ria do Audiovisual do Minist\u00e9rio da Cultura (MinC), em an\u00fancio da san\u00e7\u00e3o \u00e0 imprensa. , <\/p>\n<div>\n<p>O presidente Luiz In\u00e1cio Lula da Silva sancionou nesta segunda-feira (15) duas leis aprovadas no Congresso Nacional para o setor de audiovisual do pa\u00eds. Uma delas recria a cota de tela para a exibi\u00e7\u00e3o de filmes brasileiros no cinema e a outra restabelece o prazo de exibi\u00e7\u00e3o obrigat\u00f3ria de obras audiovisuais nacionais na programa\u00e7\u00e3o dos pacotes de TV por assinatura.<img decoding=\"async\" src=\"https:\/\/agenciabrasil.ebc.com.br\/ebc.png?id=1576527&amp;o=rss\" style=\"width:1px; height:1px; display:inline;\"><img decoding=\"async\" src=\"https:\/\/agenciabrasil.ebc.com.br\/ebc.gif?id=1576527&amp;o=rss\" style=\"width:1px; height:1px; display:inline;\"><\/p>\n<h2 id=\"cinema\">Cinema<\/h2>\n<p>No caso da cota de tela no cinema para filmes brasileiros, o prazo foi estendido at\u00e9 2033, conforme o projeto de lei (PL) 5.497\/19, <a href=\"https:\/\/agenciabrasil.ebc.com.br\/geral\/noticia\/2023-12\/senado-recria-cota-para-filmes-nacionais-ate-2033\" target=\"_blank\" rel=\"noopener\">aprovado em dezembro do ano passado<\/a> pelo Senado, ap\u00f3s ter passado pela C\u00e2mara dos Deputados. N\u00e3o houve vetos na san\u00e7\u00e3o. Caber\u00e1 \u00e0 Ag\u00eancia Nacional do Cinema (Ancine) definir, anualmente, a quantidade m\u00ednima de sess\u00f5es e obras a serem exibidas, levando em conta diversidade, cultura nacional e universaliza\u00e7\u00e3o de acesso. O descumprimento da medida pode acarretar em advert\u00eancia e pagamento de multas \u00e0s exibidoras.<\/p>\n<p>A cota de tela tinha terminado em 2021, ap\u00f3s ficar em vigor por 20 anos, como previa a <a href=\"https:\/\/www.planalto.gov.br\/ccivil_03\/mpv\/2228-1.htm\" target=\"_blank\" rel=\"noopener\">Medida Provis\u00f3ria (MP) 2.228-1\/2001<\/a>, editada durante o governo do ex-presidente Fernando Henrique Cardoso. Embora tenha sido oficializada pela MP de 2001, a cota de tela tem origem em iniciativas adotadas ainda nos anos 1930, quando o governo brasileiro publicou um primeiro decreto de prote\u00e7\u00e3o do cinema brasileiro \u2013 tomando como exemplo iniciativas semelhantes de outros pa\u00edses.<\/p>\n<h2 id=\"televisao\">Televis\u00e3o<\/h2>\n<p>J\u00e1 cota de programa\u00e7\u00e3o nacional nos canais de TV por assinatura havia perdido a validade no ano passado, mas foi renovada at\u00e9 2038. De acordo com o PL 3.696\/2023, aprovado pelos parlamentares e sancionado sem vetos pelo presidente, os canais estrangeiros s\u00e3o obrigados a exibir, no m\u00ednimo, 3 horas e 30 minutos por semana de produ\u00e7\u00f5es brasileiras em seu hor\u00e1rio nobre, faixa de hor\u00e1rio que vai das 18h \u00e0 0h. Desse total, pelo menos 1 hora e 15 minutos deve ser de conte\u00fado produzido por produtora independente. J\u00e1 para canais brasileiros, a lei determina a exibi\u00e7\u00e3o de 12 horas di\u00e1rias de conte\u00fado nacional, feito por alguma produtora local. Dessas 12 horas, tr\u00eas devem, obrigatoriamente, ser veiculadas no hor\u00e1rio nobre.<\/p>\n<h2 id=\"cotas-no-streaming\">Cotas no <em>streaming<\/em><\/h2>\n<p>O governo tamb\u00e9m informou que a pr\u00f3xima a\u00e7\u00e3o ser\u00e1 a aprova\u00e7\u00e3o de uma cota de produ\u00e7\u00e3o nacional nas plataformas de <em>streaming<\/em>, que j\u00e1 dominam o mercado de audiovisual no pa\u00eds, al\u00e9m da cobran\u00e7a da Contribui\u00e7\u00e3o para o Desenvolvimento da Ind\u00fastria Cinematogr\u00e1fica Nacional (Condecine) sobre essas plataformas.<\/p>\n<p>\u201cEssa \u00e9 uma das pautas priorit\u00e1rias do audiovisual brasileiro, e um das pautas priorit\u00e1rias deste ano. Ao contr\u00e1rio do que acontece no mundo, no Brasil ainda n\u00e3o est\u00e1 regulado. \u00c9 o futuro do cinema, do audiovisual. E, no Brasil, existe essa rela\u00e7\u00e3o predat\u00f3ria, n\u00e3o existe arrecada\u00e7\u00e3o de Condecine. Tem dois PLs tramitando e o Minist\u00e9rio da Cultura tem trabalhado para garantir uma regula\u00e7\u00e3o que atenda a ind\u00fastria brasileira\u201d, defendeu Joelma Gonzaga, secret\u00e1ria do Audiovisual do Minist\u00e9rio da Cultura (MinC), em an\u00fancio da san\u00e7\u00e3o \u00e0 imprensa.<\/p>\n<\/div>\n<p> ,<\/p>\n","protected":false},"excerpt":{"rendered":"Lula sanciona leis de cota no cinema e na TV paga , , O presidente Luiz In\u00e1cio Lula&hellip;\n","protected":false},"author":2,"featured_media":0,"comment_status":"closed","ping_status":"closed","sticky":false,"template":"","format":"standard","meta":{"csco_singular_sidebar":"","csco_page_header_type":"","csco_appearance_grid":"","csco_page_load_nextpost":"","csco_post_video_location":[],"csco_post_video_location_hash":"","csco_post_video_url":"","csco_post_video_bg_start_time":0,"csco_post_video_bg_end_time":0},"categories":[32],"tags":[],"amp_enabled":true,"_links":{"self":[{"href":"https:\/\/falacomigoms.com.br\/index.php?rest_route=\/wp\/v2\/posts\/2388"}],"collection":[{"href":"https:\/\/falacomigoms.com.br\/index.php?rest_route=\/wp\/v2\/posts"}],"about":[{"href":"https:\/\/falacomigoms.com.br\/index.php?rest_route=\/wp\/v2\/types\/post"}],"author":[{"embeddable":true,"href":"https:\/\/falacomigoms.com.br\/index.php?rest_route=\/wp\/v2\/users\/2"}],"replies":[{"embeddable":true,"href":"https:\/\/falacomigoms.com.br\/index.php?rest_route=%2Fwp%2Fv2%2Fcomments&post=2388"}],"version-history":[{"count":0,"href":"https:\/\/falacomigoms.com.br\/index.php?rest_route=\/wp\/v2\/posts\/2388\/revisions"}],"wp:attachment":[{"href":"https:\/\/falacomigoms.com.br\/index.php?rest_route=%2Fwp%2Fv2%2Fmedia&parent=2388"}],"wp:term":[{"taxonomy":"category","embeddable":true,"href":"https:\/\/falacomigoms.com.br\/index.php?rest_route=%2Fwp%2Fv2%2Fcategories&post=2388"},{"taxonomy":"post_tag","embeddable":true,"href":"https:\/\/falacomigoms.com.br\/index.php?rest_route=%2Fwp%2Fv2%2Ftags&post=2388"}],"curies":[{"name":"wp","href":"https:\/\/api.w.org\/{rel}","templated":true}]}}